{"id":3524,"date":"2026-04-26T16:31:01","date_gmt":"2026-04-26T15:31:01","guid":{"rendered":"https:\/\/boisleroijumelage.fr\/?p=3524"},"modified":"2026-04-26T16:31:01","modified_gmt":"2026-04-26T15:31:01","slug":"assemblee-generale","status":"publish","type":"post","link":"https:\/\/boisleroijumelage.fr\/index.php\/2026\/04\/26\/assemblee-generale\/","title":{"rendered":"Assembl\u00e9e G\u00e9n\u00e9rale"},"content":{"rendered":"\n<p>L\u2019Assembl\u00e9e G\u00e9n\u00e9rale de notre association s\u2019est tenue le 8 f\u00e9vrier 2026 en pr\u00e9sence de 49 adh\u00e9rents et 4 pouvoirs.<\/p>\n\n\n\n<p><strong>Une association dynamique tourn\u00e9e vers l\u2019avenir<\/strong><br>La pr\u00e9sidente, Katya Hirsch, a rappel\u00e9 les priorit\u00e9s de l\u2019association : renforcer les \u00e9changes linguistiques et culturels avec l\u2019Allemagne, notamment avec la ville de Langenargen, et favoriser les rencontres entre les jeunes. <\/p>\n\n\n\n<p><strong>Retour sur une ann\u00e9e 2025 riche en activit\u00e9s<\/strong><br>L\u2019ann\u00e9e \u00e9coul\u00e9e a \u00e9t\u00e9 marqu\u00e9e par de nombreux \u00e9v\u00e9nements : rencontres franco-allemandes, \u00e9changes de jeunes via les \u00ab Ferienjobs \u00bb, sorties (dont un tour \u00e0 v\u00e9lo en Aubrac), soir\u00e9es culturelles et conviviales (cin\u00e9ma, Beaujolais, march\u00e9 de No\u00ebl), ainsi que les rendez-vous r\u00e9guliers comme les Kaff\u2019Ap\u00e9ros et Deutsch Caf\u00e9s.<br>Certaines actions, comme la Semaine des Jeunes, n\u2019ont toutefois pas pu \u00eatre maintenues faute de participants.<\/p>\n\n\n\n<p><strong>Une gestion saine<\/strong><br>Le rapport financier, l\u00e9g\u00e8rement d\u00e9ficitaire, reste globalement \u00e9quilibr\u00e9 et a \u00e9t\u00e9 valid\u00e9 \u00e0 l\u2019unanimit\u00e9. Les comptes ont \u00e9t\u00e9 jug\u00e9s conformes et transparents. La nomination d&rsquo;une contr\u00f4leuse aux comptes permet d&rsquo;assurer la fiabilit\u00e9 de la comptabilit\u00e9.<\/p>\n\n\n\n<p><strong>Vie de l\u2019association<\/strong><br>Le bureau a \u00e9t\u00e9 partiellement renouvel\u00e9. La nouvelle organisation sera finalis\u00e9e prochainement.<\/p>\n\n\n\n<p><strong>Perspectives 2026<\/strong><br>De nombreux projets sont pr\u00e9vus : c\u00e9l\u00e9bration des 35 ans du jumelage \u00e0 Langenargen, \u00e9changes de jeunes, \u00e9v\u00e9nements festifs (Grill Party, Oktoberfest, march\u00e9 de No\u00ebl), activit\u00e9s culturelles, ainsi que les rendez-vous r\u00e9guliers. Une attention particuli\u00e8re sera port\u00e9e \u00e0 la participation des jeunes, notamment lors de la Semaine des Jeunes.<\/p>\n\n\n\n<p>L\u2019assembl\u00e9e s\u2019est cl\u00f4tur\u00e9e dans une ambiance conviviale autour d\u2019un petit-d\u00e9jeuner allemand.<\/p>\n\n\n\n<hr class=\"wp-block-separator has-alpha-channel-opacity\"\/>\n","protected":false},"excerpt":{"rendered":"<p>L\u2019Assembl\u00e9e G\u00e9n\u00e9rale de notre association s\u2019est tenue le 8 f\u00e9vrier 2026 en pr\u00e9sence de 49 adh\u00e9rents et 4 pouvoirs. Une association dynamique tourn\u00e9e vers l\u2019avenirLa pr\u00e9sidente, Katya Hirsch, a rappel\u00e9 les priorit\u00e9s de l\u2019association : renforcer les \u00e9changes linguistiques et culturels avec l\u2019Allemagne, notamment avec la ville de Langenargen, et favoriser les rencontres entre les&#8230;<\/p>\n","protected":false},"author":3,"featured_media":0,"comment_status":"open","ping_status":"open","sticky":false,"template":"","format":"standard","meta":{"_kadence_starter_templates_imported_post":false,"_kad_post_transparent":"","_kad_post_title":"","_kad_post_layout":"","_kad_post_sidebar_id":"","_kad_post_content_style":"","_kad_post_vertical_padding":"","_kad_post_feature":"","_kad_post_feature_position":"","_kad_post_header":false,"_kad_post_footer":false,"_kad_post_classname":"","footnotes":""},"categories":[2],"tags":[],"class_list":["post-3524","post","type-post","status-publish","format-standard","hentry","category-activites"],"_links":{"self":[{"href":"https:\/\/boisleroijumelage.fr\/index.php\/wp-json\/wp\/v2\/posts\/3524","targetHints":{"allow":["GET"]}}],"collection":[{"href":"https:\/\/boisleroijumelage.fr\/index.php\/wp-json\/wp\/v2\/posts"}],"about":[{"href":"https:\/\/boisleroijumelage.fr\/index.php\/wp-json\/wp\/v2\/types\/post"}],"author":[{"embeddable":true,"href":"https:\/\/boisleroijumelage.fr\/index.php\/wp-json\/wp\/v2\/users\/3"}],"replies":[{"embeddable":true,"href":"https:\/\/boisleroijumelage.fr\/index.php\/wp-json\/wp\/v2\/comments?post=3524"}],"version-history":[{"count":1,"href":"https:\/\/boisleroijumelage.fr\/index.php\/wp-json\/wp\/v2\/posts\/3524\/revisions"}],"predecessor-version":[{"id":3525,"href":"https:\/\/boisleroijumelage.fr\/index.php\/wp-json\/wp\/v2\/posts\/3524\/revisions\/3525"}],"wp:attachment":[{"href":"https:\/\/boisleroijumelage.fr\/index.php\/wp-json\/wp\/v2\/media?parent=3524"}],"wp:term":[{"taxonomy":"category","embeddable":true,"href":"https:\/\/boisleroijumelage.fr\/index.php\/wp-json\/wp\/v2\/categories?post=3524"},{"taxonomy":"post_tag","embeddable":true,"href":"https:\/\/boisleroijumelage.fr\/index.php\/wp-json\/wp\/v2\/tags?post=3524"}],"curies":[{"name":"wp","href":"https:\/\/api.w.org\/{rel}","templated":true}]}}