{"id":3528,"date":"2026-04-26T16:57:15","date_gmt":"2026-04-26T15:57:15","guid":{"rendered":"https:\/\/boisleroijumelage.fr\/?p=3528"},"modified":"2026-04-26T16:57:15","modified_gmt":"2026-04-26T15:57:15","slug":"bureau-2026","status":"publish","type":"post","link":"https:\/\/boisleroijumelage.fr\/index.php\/2026\/04\/26\/bureau-2026\/","title":{"rendered":"Bureau 2026"},"content":{"rendered":"\n<p>Le Conseil d&rsquo;Administration r\u00e9unis le 12 mars 2026 a proc\u00e9d\u00e9 \u00e0 l&rsquo;\u00e9lection de son bureau et aux attributions des postes n\u00e9cessaires.<\/p>\n\n\n\n<figure class=\"wp-block-image size-large\"><img loading=\"lazy\" decoding=\"async\" width=\"644\" height=\"310\" src=\"http:\/\/boisleroijumelage.fr\/wp-content\/uploads\/2026\/04\/Bureau2026-644x310.jpg\" alt=\"\" class=\"wp-image-3530\" srcset=\"https:\/\/boisleroijumelage.fr\/wp-content\/uploads\/2026\/04\/Bureau2026-644x310.jpg 644w, https:\/\/boisleroijumelage.fr\/wp-content\/uploads\/2026\/04\/Bureau2026-300x145.jpg 300w, https:\/\/boisleroijumelage.fr\/wp-content\/uploads\/2026\/04\/Bureau2026-768x370.jpg 768w, https:\/\/boisleroijumelage.fr\/wp-content\/uploads\/2026\/04\/Bureau2026.jpg 1510w\" sizes=\"auto, (max-width: 644px) 100vw, 644px\" \/><\/figure>\n\n\n\n<p><strong>Pr\u00e9sidente<\/strong>&nbsp;: Katya Hirsch.<\/p>\n\n\n\n<p><strong>Vice-pr\u00e9sident<\/strong>&nbsp;: Guy Barbarin.<\/p>\n\n\n\n<p><strong>Secr\u00e9taire<\/strong>&nbsp;: Pascal Pillet.<\/p>\n\n\n\n<p><strong>Tr\u00e9sori\u00e8re<\/strong>&nbsp;: Carole Chaillou.<\/p>\n\n\n\n<p><strong>Tr\u00e9sorier<\/strong> <strong>adjoint<\/strong>&nbsp;<strong>et gestion technique du site internet<\/strong><strong>, du compte Facebook<\/strong>: Beno\u00eet S\u00e9n\u00e9chal.<\/p>\n\n\n\n<p><strong>R\u00e9f\u00e9rent Mairie<\/strong>&nbsp;: Didier Durand. Changement \u00e9ventuel suite aux \u00e9lections municipales de mars 2026.<\/p>\n\n\n\n<p><strong>Charg\u00e9e de la Culture et Kino<\/strong>&nbsp;: Sabine Goujon-Pillet.<\/p>\n\n\n\n<p><strong>Charg\u00e9 des Sports<\/strong>, <strong>demande de locaux, gestion des cl\u00e9s, courrier<\/strong> : Michel Jalenques.<\/p>\n\n\n\n<p><strong>F\u00eates et c\u00e9r\u00e9monies<\/strong>&nbsp;: Martine Barbarin, Claudine Bouguin, Mireille Saltel.<\/p>\n\n\n\n<p><strong>Deutsch Caf\u00e9 et Kino<\/strong>&nbsp;: Gilles Pochelu.<strong>Gestion de la Semaine des Jeunes et des Ferienjobs<\/strong>&nbsp;: Katya, Guy, Pascal, &nbsp;Michel et le repr\u00e9sentant Mairie.<\/p>\n","protected":false},"excerpt":{"rendered":"<p>Le Conseil d&rsquo;Administration r\u00e9unis le 12 mars 2026 a proc\u00e9d\u00e9 \u00e0 l&rsquo;\u00e9lection de son bureau et aux attributions des postes n\u00e9cessaires. Pr\u00e9sidente&nbsp;: Katya Hirsch. Vice-pr\u00e9sident&nbsp;: Guy Barbarin. Secr\u00e9taire&nbsp;: Pascal Pillet. Tr\u00e9sori\u00e8re&nbsp;: Carole Chaillou. Tr\u00e9sorier adjoint&nbsp;et gestion technique du site internet, du compte Facebook: Beno\u00eet S\u00e9n\u00e9chal. R\u00e9f\u00e9rent Mairie&nbsp;: Didier Durand. Changement \u00e9ventuel suite aux \u00e9lections municipales&#8230;<\/p>\n","protected":false},"author":3,"featured_media":0,"comment_status":"open","ping_status":"open","sticky":false,"template":"","format":"standard","meta":{"_kadence_starter_templates_imported_post":false,"_kad_post_transparent":"","_kad_post_title":"","_kad_post_layout":"","_kad_post_sidebar_id":"","_kad_post_content_style":"","_kad_post_vertical_padding":"","_kad_post_feature":"","_kad_post_feature_position":"","_kad_post_header":false,"_kad_post_footer":false,"_kad_post_classname":"","footnotes":""},"categories":[2],"tags":[],"class_list":["post-3528","post","type-post","status-publish","format-standard","hentry","category-activites"],"_links":{"self":[{"href":"https:\/\/boisleroijumelage.fr\/index.php\/wp-json\/wp\/v2\/posts\/3528","targetHints":{"allow":["GET"]}}],"collection":[{"href":"https:\/\/boisleroijumelage.fr\/index.php\/wp-json\/wp\/v2\/posts"}],"about":[{"href":"https:\/\/boisleroijumelage.fr\/index.php\/wp-json\/wp\/v2\/types\/post"}],"author":[{"embeddable":true,"href":"https:\/\/boisleroijumelage.fr\/index.php\/wp-json\/wp\/v2\/users\/3"}],"replies":[{"embeddable":true,"href":"https:\/\/boisleroijumelage.fr\/index.php\/wp-json\/wp\/v2\/comments?post=3528"}],"version-history":[{"count":1,"href":"https:\/\/boisleroijumelage.fr\/index.php\/wp-json\/wp\/v2\/posts\/3528\/revisions"}],"predecessor-version":[{"id":3531,"href":"https:\/\/boisleroijumelage.fr\/index.php\/wp-json\/wp\/v2\/posts\/3528\/revisions\/3531"}],"wp:attachment":[{"href":"https:\/\/boisleroijumelage.fr\/index.php\/wp-json\/wp\/v2\/media?parent=3528"}],"wp:term":[{"taxonomy":"category","embeddable":true,"href":"https:\/\/boisleroijumelage.fr\/index.php\/wp-json\/wp\/v2\/categories?post=3528"},{"taxonomy":"post_tag","embeddable":true,"href":"https:\/\/boisleroijumelage.fr\/index.php\/wp-json\/wp\/v2\/tags?post=3528"}],"curies":[{"name":"wp","href":"https:\/\/api.w.org\/{rel}","templated":true}]}}